{"id":1165,"date":"2019-02-25T13:28:30","date_gmt":"2019-02-25T13:28:30","guid":{"rendered":"https:\/\/www.gilroynapolishort.com\/?p=1165"},"modified":"2024-04-27T20:46:50","modified_gmt":"2024-04-28T03:46:50","slug":"alycia-herriott-joins-gilroy-napoli-short-law-group-to-head-up-the-firms-bend-office","status":"publish","type":"post","link":"https:\/\/www.gilroynapolishort.com\/es\/alycia-herriott-joins-gilroy-napoli-short-law-group-to-head-up-the-firms-bend-office\/","title":{"rendered":"Alycia Herriott se une a Gilroy Napoli Short Law Group para dirigir la oficina de Bend de la firma."},"content":{"rendered":"<h1>Alycia Herriott se une a Gilroy Napoli Short Law Group para dirigir la oficina de Bend de la firma.<\/h1>\n<p>Ex fiscal adjunto del condado de Deschutes\u00a0<a href=\"https:\/\/www.gilroynapolishort.com\/es\/attorney\/alycia-herriott\/\">Alycia Herriott<\/a>\u00a0se ha unido a Gilroy Napoli Short Law Group para dirigir la oficina de Bend de la firma.<\/p>\n<p>Antes de unirse a Gilroy Napoli Short Law Group, Alycia trabaj\u00f3 durante diez a\u00f1os como fiscal adjunta de distrito en los condados de Deschutes y Clackamas, incluyendo un per\u00edodo como fiscal federal adjunta especial en la Fiscal\u00eda Federal de Portland. Su pr\u00e1ctica se centra en la defensa por conducir bajo los efectos del alcohol (DUI), defensa penal, lesiones personales y derechos de las v\u00edctimas en los condados de Deschutes, Crook, Jefferson y Klamath.<\/p>\n<p><img loading=\"lazy\" decoding=\"async\" src=\"https:\/\/gnslawgroup.wpenginepowered.com\/wp-content\/uploads\/2019\/02\/alycia-herriott.jpg\" sizes=\"auto, (max-width: 320px) 100vw, 320px\" srcset=\"https:\/\/gnslawgroup.wpenginepowered.com\/wp-content\/uploads\/2019\/02\/alycia-herriott.jpg 320w, https:\/\/gnslawgroup.wpenginepowered.com\/wp-content\/uploads\/2019\/02\/alycia-herriott-270x300.jpg 270w\" alt=\"\" width=\"320\" height=\"355\" \/><\/p>\n<p>Llame hoy para una consulta gratuita: <a href=\"tel:5037477198\">503-747-7198<\/a><\/p>","protected":false},"excerpt":{"rendered":"<p>Alycia Herriott joins Gilroy Napoli Short Law Group to head up the firm&#8217;s Bend office. Former Deschutes County Deputy DA\u00a0Alycia Herriott\u00a0has joined Gilroy Napoli Short Law Group to head up&#8230;<\/p>","protected":false},"author":2,"featured_media":3909,"comment_status":"open","ping_status":"open","sticky":false,"template":"","format":"standard","meta":{"_acf_changed":false,"footnotes":""},"categories":[3],"tags":[],"class_list":["post-1165","post","type-post","status-publish","format-standard","has-post-thumbnail","hentry","category-news"],"acf":[],"yoast_head":"<!-- This site is optimized with the Yoast SEO plugin v27.3 - https:\/\/yoast.com\/product\/yoast-seo-wordpress\/ -->\n<title>Alycia Herriott joins Gilroy Napoli Short Law Group to head up the firm\u2019s Bend office - GNS Law Group<\/title>\n<meta name=\"robots\" content=\"index, follow, max-snippet:-1, max-image-preview:large, max-video-preview:-1\" \/>\n<link rel=\"canonical\" href=\"https:\/\/www.gilroynapolishort.com\/es\/alycia-herriott-joins-gilroy-napoli-short-law-group-to-head-up-the-firms-bend-office\/\" \/>\n<meta property=\"og:locale\" content=\"es_MX\" \/>\n<meta property=\"og:type\" content=\"article\" \/>\n<meta property=\"og:title\" content=\"Alycia Herriott joins Gilroy Napoli Short Law Group to head up the firm\u2019s Bend office - GNS Law Group\" \/>\n<meta property=\"og:description\" content=\"Alycia Herriott joins Gilroy Napoli Short Law Group to head up the firm&#8217;s Bend office. Former Deschutes County Deputy DA\u00a0Alycia Herriott\u00a0has joined Gilroy Napoli Short Law Group to head up...\" \/>\n<meta property=\"og:url\" content=\"https:\/\/www.gilroynapolishort.com\/es\/alycia-herriott-joins-gilroy-napoli-short-law-group-to-head-up-the-firms-bend-office\/\" \/>\n<meta property=\"og:site_name\" content=\"GNS Law Group\" \/>\n<meta property=\"article:published_time\" content=\"2019-02-25T13:28:30+00:00\" \/>\n<meta property=\"article:modified_time\" content=\"2024-04-28T03:46:50+00:00\" \/>\n<meta property=\"og:image\" content=\"https:\/\/www.gilroynapolishort.com\/wp-content\/uploads\/2019\/02\/Bend_Oregon_USA_September-October_2018_-_15_50917961632-1024x683.png\" \/>\n\t<meta property=\"og:image:width\" content=\"1024\" \/>\n\t<meta property=\"og:image:height\" content=\"683\" \/>\n\t<meta property=\"og:image:type\" content=\"image\/png\" \/>\n<meta name=\"author\" content=\"DanGilroy\" \/>\n<meta name=\"twitter:card\" content=\"summary_large_image\" \/>\n<meta name=\"twitter:label1\" content=\"Written by\" \/>\n\t<meta name=\"twitter:data1\" content=\"DanGilroy\" \/>\n\t<meta name=\"twitter:label2\" content=\"Est. reading time\" \/>\n\t<meta name=\"twitter:data2\" content=\"1 minuto\" \/>\n<script type=\"application\/ld+json\" class=\"yoast-schema-graph\">{\"@context\":\"https:\\\/\\\/schema.org\",\"@graph\":[{\"@type\":\"Article\",\"@id\":\"https:\\\/\\\/www.gilroynapolishort.com\\\/alycia-herriott-joins-gilroy-napoli-short-law-group-to-head-up-the-firms-bend-office\\\/#article\",\"isPartOf\":{\"@id\":\"https:\\\/\\\/www.gilroynapolishort.com\\\/alycia-herriott-joins-gilroy-napoli-short-law-group-to-head-up-the-firms-bend-office\\\/\"},\"author\":{\"name\":\"DanGilroy\",\"@id\":\"https:\\\/\\\/www.gilroynapolishort.com\\\/#\\\/schema\\\/person\\\/88b74918f90b4dc6ba82e5fc38850ae1\"},\"headline\":\"Alycia Herriott joins Gilroy Napoli Short Law Group to head up the firm\u2019s Bend office\",\"datePublished\":\"2019-02-25T13:28:30+00:00\",\"dateModified\":\"2024-04-28T03:46:50+00:00\",\"mainEntityOfPage\":{\"@id\":\"https:\\\/\\\/www.gilroynapolishort.com\\\/alycia-herriott-joins-gilroy-napoli-short-law-group-to-head-up-the-firms-bend-office\\\/\"},\"wordCount\":125,\"commentCount\":0,\"image\":{\"@id\":\"https:\\\/\\\/www.gilroynapolishort.com\\\/alycia-herriott-joins-gilroy-napoli-short-law-group-to-head-up-the-firms-bend-office\\\/#primaryimage\"},\"thumbnailUrl\":\"https:\\\/\\\/www.gilroynapolishort.com\\\/wp-content\\\/uploads\\\/2019\\\/02\\\/Bend_Oregon_USA_September-October_2018_-_15_50917961632.png\",\"articleSection\":[\"News\"],\"inLanguage\":\"es\",\"potentialAction\":[{\"@type\":\"CommentAction\",\"name\":\"Comment\",\"target\":[\"https:\\\/\\\/www.gilroynapolishort.com\\\/alycia-herriott-joins-gilroy-napoli-short-law-group-to-head-up-the-firms-bend-office\\\/#respond\"]}]},{\"@type\":\"WebPage\",\"@id\":\"https:\\\/\\\/www.gilroynapolishort.com\\\/alycia-herriott-joins-gilroy-napoli-short-law-group-to-head-up-the-firms-bend-office\\\/\",\"url\":\"https:\\\/\\\/www.gilroynapolishort.com\\\/alycia-herriott-joins-gilroy-napoli-short-law-group-to-head-up-the-firms-bend-office\\\/\",\"name\":\"Alycia Herriott joins Gilroy Napoli Short Law Group to head up the firm\u2019s Bend office - GNS Law Group\",\"isPartOf\":{\"@id\":\"https:\\\/\\\/www.gilroynapolishort.com\\\/#website\"},\"primaryImageOfPage\":{\"@id\":\"https:\\\/\\\/www.gilroynapolishort.com\\\/alycia-herriott-joins-gilroy-napoli-short-law-group-to-head-up-the-firms-bend-office\\\/#primaryimage\"},\"image\":{\"@id\":\"https:\\\/\\\/www.gilroynapolishort.com\\\/alycia-herriott-joins-gilroy-napoli-short-law-group-to-head-up-the-firms-bend-office\\\/#primaryimage\"},\"thumbnailUrl\":\"https:\\\/\\\/www.gilroynapolishort.com\\\/wp-content\\\/uploads\\\/2019\\\/02\\\/Bend_Oregon_USA_September-October_2018_-_15_50917961632.png\",\"datePublished\":\"2019-02-25T13:28:30+00:00\",\"dateModified\":\"2024-04-28T03:46:50+00:00\",\"author\":{\"@id\":\"https:\\\/\\\/www.gilroynapolishort.com\\\/#\\\/schema\\\/person\\\/88b74918f90b4dc6ba82e5fc38850ae1\"},\"breadcrumb\":{\"@id\":\"https:\\\/\\\/www.gilroynapolishort.com\\\/alycia-herriott-joins-gilroy-napoli-short-law-group-to-head-up-the-firms-bend-office\\\/#breadcrumb\"},\"inLanguage\":\"es\",\"potentialAction\":[{\"@type\":\"ReadAction\",\"target\":[\"https:\\\/\\\/www.gilroynapolishort.com\\\/alycia-herriott-joins-gilroy-napoli-short-law-group-to-head-up-the-firms-bend-office\\\/\"]}]},{\"@type\":\"ImageObject\",\"inLanguage\":\"es\",\"@id\":\"https:\\\/\\\/www.gilroynapolishort.com\\\/alycia-herriott-joins-gilroy-napoli-short-law-group-to-head-up-the-firms-bend-office\\\/#primaryimage\",\"url\":\"https:\\\/\\\/www.gilroynapolishort.com\\\/wp-content\\\/uploads\\\/2019\\\/02\\\/Bend_Oregon_USA_September-October_2018_-_15_50917961632.png\",\"contentUrl\":\"https:\\\/\\\/www.gilroynapolishort.com\\\/wp-content\\\/uploads\\\/2019\\\/02\\\/Bend_Oregon_USA_September-October_2018_-_15_50917961632.png\",\"width\":4160,\"height\":2773},{\"@type\":\"BreadcrumbList\",\"@id\":\"https:\\\/\\\/www.gilroynapolishort.com\\\/alycia-herriott-joins-gilroy-napoli-short-law-group-to-head-up-the-firms-bend-office\\\/#breadcrumb\",\"itemListElement\":[{\"@type\":\"ListItem\",\"position\":1,\"name\":\"Home\",\"item\":\"https:\\\/\\\/www.gilroynapolishort.com\\\/\"},{\"@type\":\"ListItem\",\"position\":2,\"name\":\"Alycia Herriott joins Gilroy Napoli Short Law Group to head up the firm\u2019s Bend office\"}]},{\"@type\":\"WebSite\",\"@id\":\"https:\\\/\\\/www.gilroynapolishort.com\\\/#website\",\"url\":\"https:\\\/\\\/www.gilroynapolishort.com\\\/\",\"name\":\"Gilroy Napoli Short Law Group\",\"description\":\"\",\"potentialAction\":[{\"@type\":\"SearchAction\",\"target\":{\"@type\":\"EntryPoint\",\"urlTemplate\":\"https:\\\/\\\/www.gilroynapolishort.com\\\/?s={search_term_string}\"},\"query-input\":{\"@type\":\"PropertyValueSpecification\",\"valueRequired\":true,\"valueName\":\"search_term_string\"}}],\"inLanguage\":\"es\"},{\"@type\":\"Person\",\"@id\":\"https:\\\/\\\/www.gilroynapolishort.com\\\/#\\\/schema\\\/person\\\/88b74918f90b4dc6ba82e5fc38850ae1\",\"name\":\"DanGilroy\",\"image\":{\"@type\":\"ImageObject\",\"inLanguage\":\"es\",\"@id\":\"https:\\\/\\\/secure.gravatar.com\\\/avatar\\\/?s=96&d=mm&r=g\",\"url\":\"https:\\\/\\\/secure.gravatar.com\\\/avatar\\\/?s=96&d=mm&r=g\",\"contentUrl\":\"https:\\\/\\\/secure.gravatar.com\\\/avatar\\\/?s=96&d=mm&r=g\",\"caption\":\"DanGilroy\"},\"url\":\"https:\\\/\\\/www.gilroynapolishort.com\\\/es\\\/author\\\/dangilroy\\\/\"}]}<\/script>\n<!-- \/ Yoast SEO plugin. -->","yoast_head_json":{"title":"Alycia Herriott joins Gilroy Napoli Short Law Group to head up the firm\u2019s Bend office - GNS Law Group","robots":{"index":"index","follow":"follow","max-snippet":"max-snippet:-1","max-image-preview":"max-image-preview:large","max-video-preview":"max-video-preview:-1"},"canonical":"https:\/\/www.gilroynapolishort.com\/es\/alycia-herriott-joins-gilroy-napoli-short-law-group-to-head-up-the-firms-bend-office\/","og_locale":"es_MX","og_type":"article","og_title":"Alycia Herriott joins Gilroy Napoli Short Law Group to head up the firm\u2019s Bend office - GNS Law Group","og_description":"Alycia Herriott joins Gilroy Napoli Short Law Group to head up the firm&#8217;s Bend office. Former Deschutes County Deputy DA\u00a0Alycia Herriott\u00a0has joined Gilroy Napoli Short Law Group to head up...","og_url":"https:\/\/www.gilroynapolishort.com\/es\/alycia-herriott-joins-gilroy-napoli-short-law-group-to-head-up-the-firms-bend-office\/","og_site_name":"GNS Law Group","article_published_time":"2019-02-25T13:28:30+00:00","article_modified_time":"2024-04-28T03:46:50+00:00","og_image":[{"width":1024,"height":683,"url":"https:\/\/www.gilroynapolishort.com\/wp-content\/uploads\/2019\/02\/Bend_Oregon_USA_September-October_2018_-_15_50917961632-1024x683.png","type":"image\/png"}],"author":"DanGilroy","twitter_card":"summary_large_image","twitter_misc":{"Written by":"DanGilroy","Est. reading time":"1 minuto"},"schema":{"@context":"https:\/\/schema.org","@graph":[{"@type":"Article","@id":"https:\/\/www.gilroynapolishort.com\/alycia-herriott-joins-gilroy-napoli-short-law-group-to-head-up-the-firms-bend-office\/#article","isPartOf":{"@id":"https:\/\/www.gilroynapolishort.com\/alycia-herriott-joins-gilroy-napoli-short-law-group-to-head-up-the-firms-bend-office\/"},"author":{"name":"DanGilroy","@id":"https:\/\/www.gilroynapolishort.com\/#\/schema\/person\/88b74918f90b4dc6ba82e5fc38850ae1"},"headline":"Alycia Herriott joins Gilroy Napoli Short Law Group to head up the firm\u2019s Bend office","datePublished":"2019-02-25T13:28:30+00:00","dateModified":"2024-04-28T03:46:50+00:00","mainEntityOfPage":{"@id":"https:\/\/www.gilroynapolishort.com\/alycia-herriott-joins-gilroy-napoli-short-law-group-to-head-up-the-firms-bend-office\/"},"wordCount":125,"commentCount":0,"image":{"@id":"https:\/\/www.gilroynapolishort.com\/alycia-herriott-joins-gilroy-napoli-short-law-group-to-head-up-the-firms-bend-office\/#primaryimage"},"thumbnailUrl":"https:\/\/www.gilroynapolishort.com\/wp-content\/uploads\/2019\/02\/Bend_Oregon_USA_September-October_2018_-_15_50917961632.png","articleSection":["News"],"inLanguage":"es","potentialAction":[{"@type":"CommentAction","name":"Comment","target":["https:\/\/www.gilroynapolishort.com\/alycia-herriott-joins-gilroy-napoli-short-law-group-to-head-up-the-firms-bend-office\/#respond"]}]},{"@type":"WebPage","@id":"https:\/\/www.gilroynapolishort.com\/alycia-herriott-joins-gilroy-napoli-short-law-group-to-head-up-the-firms-bend-office\/","url":"https:\/\/www.gilroynapolishort.com\/alycia-herriott-joins-gilroy-napoli-short-law-group-to-head-up-the-firms-bend-office\/","name":"Alycia Herriott joins Gilroy Napoli Short Law Group to head up the firm\u2019s Bend office - GNS Law Group","isPartOf":{"@id":"https:\/\/www.gilroynapolishort.com\/#website"},"primaryImageOfPage":{"@id":"https:\/\/www.gilroynapolishort.com\/alycia-herriott-joins-gilroy-napoli-short-law-group-to-head-up-the-firms-bend-office\/#primaryimage"},"image":{"@id":"https:\/\/www.gilroynapolishort.com\/alycia-herriott-joins-gilroy-napoli-short-law-group-to-head-up-the-firms-bend-office\/#primaryimage"},"thumbnailUrl":"https:\/\/www.gilroynapolishort.com\/wp-content\/uploads\/2019\/02\/Bend_Oregon_USA_September-October_2018_-_15_50917961632.png","datePublished":"2019-02-25T13:28:30+00:00","dateModified":"2024-04-28T03:46:50+00:00","author":{"@id":"https:\/\/www.gilroynapolishort.com\/#\/schema\/person\/88b74918f90b4dc6ba82e5fc38850ae1"},"breadcrumb":{"@id":"https:\/\/www.gilroynapolishort.com\/alycia-herriott-joins-gilroy-napoli-short-law-group-to-head-up-the-firms-bend-office\/#breadcrumb"},"inLanguage":"es","potentialAction":[{"@type":"ReadAction","target":["https:\/\/www.gilroynapolishort.com\/alycia-herriott-joins-gilroy-napoli-short-law-group-to-head-up-the-firms-bend-office\/"]}]},{"@type":"ImageObject","inLanguage":"es","@id":"https:\/\/www.gilroynapolishort.com\/alycia-herriott-joins-gilroy-napoli-short-law-group-to-head-up-the-firms-bend-office\/#primaryimage","url":"https:\/\/www.gilroynapolishort.com\/wp-content\/uploads\/2019\/02\/Bend_Oregon_USA_September-October_2018_-_15_50917961632.png","contentUrl":"https:\/\/www.gilroynapolishort.com\/wp-content\/uploads\/2019\/02\/Bend_Oregon_USA_September-October_2018_-_15_50917961632.png","width":4160,"height":2773},{"@type":"BreadcrumbList","@id":"https:\/\/www.gilroynapolishort.com\/alycia-herriott-joins-gilroy-napoli-short-law-group-to-head-up-the-firms-bend-office\/#breadcrumb","itemListElement":[{"@type":"ListItem","position":1,"name":"Home","item":"https:\/\/www.gilroynapolishort.com\/"},{"@type":"ListItem","position":2,"name":"Alycia Herriott joins Gilroy Napoli Short Law Group to head up the firm\u2019s Bend office"}]},{"@type":"WebSite","@id":"https:\/\/www.gilroynapolishort.com\/#website","url":"https:\/\/www.gilroynapolishort.com\/","name":"Grupo de abogados Gilroy Napoli Short","description":"","potentialAction":[{"@type":"SearchAction","target":{"@type":"EntryPoint","urlTemplate":"https:\/\/www.gilroynapolishort.com\/?s={search_term_string}"},"query-input":{"@type":"PropertyValueSpecification","valueRequired":true,"valueName":"search_term_string"}}],"inLanguage":"es"},{"@type":"Person","@id":"https:\/\/www.gilroynapolishort.com\/#\/schema\/person\/88b74918f90b4dc6ba82e5fc38850ae1","name":"DanGilroy","image":{"@type":"ImageObject","inLanguage":"es","@id":"https:\/\/secure.gravatar.com\/avatar\/?s=96&d=mm&r=g","url":"https:\/\/secure.gravatar.com\/avatar\/?s=96&d=mm&r=g","contentUrl":"https:\/\/secure.gravatar.com\/avatar\/?s=96&d=mm&r=g","caption":"DanGilroy"},"url":"https:\/\/www.gilroynapolishort.com\/es\/author\/dangilroy\/"}]}},"_links":{"self":[{"href":"https:\/\/www.gilroynapolishort.com\/es\/wp-json\/wp\/v2\/posts\/1165","targetHints":{"allow":["GET"]}}],"collection":[{"href":"https:\/\/www.gilroynapolishort.com\/es\/wp-json\/wp\/v2\/posts"}],"about":[{"href":"https:\/\/www.gilroynapolishort.com\/es\/wp-json\/wp\/v2\/types\/post"}],"author":[{"embeddable":true,"href":"https:\/\/www.gilroynapolishort.com\/es\/wp-json\/wp\/v2\/users\/2"}],"replies":[{"embeddable":true,"href":"https:\/\/www.gilroynapolishort.com\/es\/wp-json\/wp\/v2\/comments?post=1165"}],"version-history":[{"count":0,"href":"https:\/\/www.gilroynapolishort.com\/es\/wp-json\/wp\/v2\/posts\/1165\/revisions"}],"wp:featuredmedia":[{"embeddable":true,"href":"https:\/\/www.gilroynapolishort.com\/es\/wp-json\/wp\/v2\/media\/3909"}],"wp:attachment":[{"href":"https:\/\/www.gilroynapolishort.com\/es\/wp-json\/wp\/v2\/media?parent=1165"}],"wp:term":[{"taxonomy":"category","embeddable":true,"href":"https:\/\/www.gilroynapolishort.com\/es\/wp-json\/wp\/v2\/categories?post=1165"},{"taxonomy":"post_tag","embeddable":true,"href":"https:\/\/www.gilroynapolishort.com\/es\/wp-json\/wp\/v2\/tags?post=1165"}],"curies":[{"name":"wp","href":"https:\/\/api.w.org\/{rel}","templated":true}]}}