{"id":337,"date":"2019-02-19T08:48:52","date_gmt":"2019-02-19T08:48:52","guid":{"rendered":"https:\/\/www.gilroynapolishort.com\/?p=337"},"modified":"2024-04-25T23:02:02","modified_gmt":"2024-04-26T06:02:02","slug":"facebook-can-lead-to-criminal-charges","status":"publish","type":"post","link":"https:\/\/www.gilroynapolishort.com\/es\/facebook-can-lead-to-criminal-charges\/","title":{"rendered":"Facebook puede dar lugar a cargos criminales"},"content":{"rendered":"<h1><img loading=\"lazy\" decoding=\"async\" class=\"alignnone wp-image-3882 size-large\" src=\"https:\/\/www.gilroynapolishort.com\/wp-content\/uploads\/2019\/02\/austin-distel-tLZhFRLj6nY-unsplash-1024x683.jpg\" alt=\"\" width=\"1024\" height=\"683\" srcset=\"https:\/\/www.gilroynapolishort.com\/wp-content\/uploads\/2019\/02\/austin-distel-tLZhFRLj6nY-unsplash-1024x683.jpg 1024w, https:\/\/www.gilroynapolishort.com\/wp-content\/uploads\/2019\/02\/austin-distel-tLZhFRLj6nY-unsplash-300x200.jpg 300w, https:\/\/www.gilroynapolishort.com\/wp-content\/uploads\/2019\/02\/austin-distel-tLZhFRLj6nY-unsplash-768x512.jpg 768w, https:\/\/www.gilroynapolishort.com\/wp-content\/uploads\/2019\/02\/austin-distel-tLZhFRLj6nY-unsplash-1536x1024.jpg 1536w, https:\/\/www.gilroynapolishort.com\/wp-content\/uploads\/2019\/02\/austin-distel-tLZhFRLj6nY-unsplash-2048x1365.jpg 2048w, https:\/\/www.gilroynapolishort.com\/wp-content\/uploads\/2019\/02\/austin-distel-tLZhFRLj6nY-unsplash-1x1.jpg 1w\" sizes=\"auto, (max-width: 1024px) 100vw, 1024px\" \/><\/h1>\n<h1>Facebook puede dar lugar a cargos criminales<\/h1>\n<p>Los estadounidenses viven en un mundo altamente digital. Todos llevan un tel\u00e9fono celular y muchos participan en redes sociales en l\u00ednea, como Facebook. Dado que gran parte de nuestra vida transcurre en l\u00ednea, es com\u00fan documentarlo todo en texto. Todo se rastrea y almacena en diversos sistemas en l\u00ednea.<\/p>\n<p>Como resultado, los oficiales de Oreg\u00f3n utilizan huellas dactilares en l\u00ednea para recopilar evidencia en casos penales. Esto resulta muy conveniente, ya que se puede marcar a una persona en un lugar y momento espec\u00edficos, lo que facilita algunas investigaciones.<\/p>\n<p>Sin embargo, las personas deben ser cautelosas con su actividad en l\u00ednea. Se podr\u00eda pensar que la informaci\u00f3n es privada (entre familiares y amigos cercanos); sin embargo, todo lo publicado podr\u00eda ser visto por el p\u00fablico e incluso por investigadores criminales.<\/p>\n<p>Por ejemplo, en 2013, un automovilista de Oreg\u00f3n choc\u00f3 dos autos mientras...\u00a0<a href=\"https:\/\/www.gilroynapolishort.com\/es\/DUII-felony-DUII\/\">conducir bajo la influencia del alcohol<\/a>de alcohol. Tras chocar con los veh\u00edculos, el conductor abandon\u00f3 el lugar y regres\u00f3 a su domicilio.<\/p>\n<p>Por alguna raz\u00f3n (quiz\u00e1s relacionada con la ebriedad), el conductor decidi\u00f3 publicar su paradero en Facebook. Anunci\u00f3 a sus 600 amigos que recientemente hab\u00eda chocado dos veh\u00edculos bajo los efectos del alcohol.<\/p>\n<p>Los investigadores locales no tardaron en recibir una llamada telef\u00f3nica y un mensaje de Facebook sobre la actualizaci\u00f3n del estado del conductor. Finalmente, los agentes se encontraron con el sospechoso en su domicilio y lo arrestaron poco despu\u00e9s. El veh\u00edculo del conductor tambi\u00e9n revel\u00f3 evidencia de los accidentes de atropello y fuga.<\/p>\n<p>Muchas personas desconocen la presencia de los agentes de Oreg\u00f3n en las redes sociales. Cuando alguien publica algo en l\u00ednea, es pr\u00e1cticamente permanente. Adem\u00e1s, estos mensajes llegan r\u00e1pidamente a las autoridades.<\/p>\n<p>Esta historia puede servir de recordatorio. En un mundo donde los estadounidenses son adictos y est\u00e1n apegados a los dispositivos electr\u00f3nicos y participan en actividades en l\u00ednea, una investigaci\u00f3n por conducir bajo la influencia del alcohol puede surgir f\u00e1cilmente de un lugar m\u00e1s all\u00e1 de la carretera. Podr\u00eda ser una foto en Instagram, un mensaje en Twitter o una publicaci\u00f3n en Facebook.<\/p>\n<p>Si te enfrentas a\u00a0<a href=\"https:\/\/www.gilroynapolishort.com\/es\/DUII-felony-DUII\/\">conducir ebrio<\/a>\u00a0Si se le acusa de cargos, puede beneficiarse de contar con un abogado defensor penal experimentado. En la era digital, es mucho m\u00e1s f\u00e1cil para los investigadores recopilar pruebas. Por esta raz\u00f3n, no se requiere mucho esfuerzo para presentar acusaciones penales contra alguien, incluso si son falsas. Para obtener m\u00e1s informaci\u00f3n sobre los detalles de su caso, hable con un profesional legal en su zona.<\/p>\n<p>Llame hoy para una consulta gratuita: <a href=\"tel:5037477198\">503-747-7198<\/a><\/p>","protected":false},"excerpt":{"rendered":"<p>Facebook can lead to criminal charges Americans live in a very digital world. Everyone carries a cellphone and many engage in online social networking, including Facebook. With so much of&#8230;<\/p>","protected":false},"author":2,"featured_media":3882,"comment_status":"open","ping_status":"open","sticky":false,"template":"","format":"standard","meta":{"_acf_changed":false,"footnotes":""},"categories":[2],"tags":[],"class_list":["post-337","post","type-post","status-publish","format-standard","has-post-thumbnail","hentry","category-articles"],"acf":[],"yoast_head":"<!-- This site is optimized with the Yoast SEO plugin v27.3 - https:\/\/yoast.com\/product\/yoast-seo-wordpress\/ -->\n<title>Facebook can lead to criminal charges - GNS Law Group<\/title>\n<meta name=\"robots\" content=\"index, follow, max-snippet:-1, max-image-preview:large, max-video-preview:-1\" \/>\n<link rel=\"canonical\" href=\"https:\/\/www.gilroynapolishort.com\/es\/facebook-can-lead-to-criminal-charges\/\" \/>\n<meta property=\"og:locale\" content=\"es_MX\" \/>\n<meta property=\"og:type\" content=\"article\" \/>\n<meta property=\"og:title\" content=\"Facebook can lead to criminal charges - GNS Law Group\" \/>\n<meta property=\"og:description\" content=\"Facebook can lead to criminal charges Americans live in a very digital world. Everyone carries a cellphone and many engage in online social networking, including Facebook. With so much of...\" \/>\n<meta property=\"og:url\" content=\"https:\/\/www.gilroynapolishort.com\/es\/facebook-can-lead-to-criminal-charges\/\" \/>\n<meta property=\"og:site_name\" content=\"GNS Law Group\" \/>\n<meta property=\"article:published_time\" content=\"2019-02-19T08:48:52+00:00\" \/>\n<meta property=\"article:modified_time\" content=\"2024-04-26T06:02:02+00:00\" \/>\n<meta property=\"og:image\" content=\"https:\/\/www.gilroynapolishort.com\/wp-content\/uploads\/2019\/02\/austin-distel-tLZhFRLj6nY-unsplash-scaled.jpg\" \/>\n\t<meta property=\"og:image:width\" content=\"2560\" \/>\n\t<meta property=\"og:image:height\" content=\"1707\" \/>\n\t<meta property=\"og:image:type\" content=\"image\/jpeg\" \/>\n<meta name=\"author\" content=\"DanGilroy\" \/>\n<meta name=\"twitter:card\" content=\"summary_large_image\" \/>\n<meta name=\"twitter:label1\" content=\"Written by\" \/>\n\t<meta name=\"twitter:data1\" content=\"DanGilroy\" \/>\n\t<meta name=\"twitter:label2\" content=\"Est. reading time\" \/>\n\t<meta name=\"twitter:data2\" content=\"3 minutos\" \/>\n<script type=\"application\/ld+json\" class=\"yoast-schema-graph\">{\"@context\":\"https:\\\/\\\/schema.org\",\"@graph\":[{\"@type\":\"Article\",\"@id\":\"https:\\\/\\\/www.gilroynapolishort.com\\\/facebook-can-lead-to-criminal-charges\\\/#article\",\"isPartOf\":{\"@id\":\"https:\\\/\\\/www.gilroynapolishort.com\\\/facebook-can-lead-to-criminal-charges\\\/\"},\"author\":{\"name\":\"DanGilroy\",\"@id\":\"https:\\\/\\\/www.gilroynapolishort.com\\\/#\\\/schema\\\/person\\\/88b74918f90b4dc6ba82e5fc38850ae1\"},\"headline\":\"Facebook can lead to criminal charges\",\"datePublished\":\"2019-02-19T08:48:52+00:00\",\"dateModified\":\"2024-04-26T06:02:02+00:00\",\"mainEntityOfPage\":{\"@id\":\"https:\\\/\\\/www.gilroynapolishort.com\\\/facebook-can-lead-to-criminal-charges\\\/\"},\"wordCount\":422,\"commentCount\":0,\"image\":{\"@id\":\"https:\\\/\\\/www.gilroynapolishort.com\\\/facebook-can-lead-to-criminal-charges\\\/#primaryimage\"},\"thumbnailUrl\":\"https:\\\/\\\/www.gilroynapolishort.com\\\/wp-content\\\/uploads\\\/2019\\\/02\\\/austin-distel-tLZhFRLj6nY-unsplash-scaled.jpg\",\"articleSection\":[\"Articles\"],\"inLanguage\":\"es\",\"potentialAction\":[{\"@type\":\"CommentAction\",\"name\":\"Comment\",\"target\":[\"https:\\\/\\\/www.gilroynapolishort.com\\\/facebook-can-lead-to-criminal-charges\\\/#respond\"]}]},{\"@type\":\"WebPage\",\"@id\":\"https:\\\/\\\/www.gilroynapolishort.com\\\/facebook-can-lead-to-criminal-charges\\\/\",\"url\":\"https:\\\/\\\/www.gilroynapolishort.com\\\/facebook-can-lead-to-criminal-charges\\\/\",\"name\":\"Facebook can lead to criminal charges - GNS Law Group\",\"isPartOf\":{\"@id\":\"https:\\\/\\\/www.gilroynapolishort.com\\\/#website\"},\"primaryImageOfPage\":{\"@id\":\"https:\\\/\\\/www.gilroynapolishort.com\\\/facebook-can-lead-to-criminal-charges\\\/#primaryimage\"},\"image\":{\"@id\":\"https:\\\/\\\/www.gilroynapolishort.com\\\/facebook-can-lead-to-criminal-charges\\\/#primaryimage\"},\"thumbnailUrl\":\"https:\\\/\\\/www.gilroynapolishort.com\\\/wp-content\\\/uploads\\\/2019\\\/02\\\/austin-distel-tLZhFRLj6nY-unsplash-scaled.jpg\",\"datePublished\":\"2019-02-19T08:48:52+00:00\",\"dateModified\":\"2024-04-26T06:02:02+00:00\",\"author\":{\"@id\":\"https:\\\/\\\/www.gilroynapolishort.com\\\/#\\\/schema\\\/person\\\/88b74918f90b4dc6ba82e5fc38850ae1\"},\"breadcrumb\":{\"@id\":\"https:\\\/\\\/www.gilroynapolishort.com\\\/facebook-can-lead-to-criminal-charges\\\/#breadcrumb\"},\"inLanguage\":\"es\",\"potentialAction\":[{\"@type\":\"ReadAction\",\"target\":[\"https:\\\/\\\/www.gilroynapolishort.com\\\/facebook-can-lead-to-criminal-charges\\\/\"]}]},{\"@type\":\"ImageObject\",\"inLanguage\":\"es\",\"@id\":\"https:\\\/\\\/www.gilroynapolishort.com\\\/facebook-can-lead-to-criminal-charges\\\/#primaryimage\",\"url\":\"https:\\\/\\\/www.gilroynapolishort.com\\\/wp-content\\\/uploads\\\/2019\\\/02\\\/austin-distel-tLZhFRLj6nY-unsplash-scaled.jpg\",\"contentUrl\":\"https:\\\/\\\/www.gilroynapolishort.com\\\/wp-content\\\/uploads\\\/2019\\\/02\\\/austin-distel-tLZhFRLj6nY-unsplash-scaled.jpg\",\"width\":2560,\"height\":1707},{\"@type\":\"BreadcrumbList\",\"@id\":\"https:\\\/\\\/www.gilroynapolishort.com\\\/facebook-can-lead-to-criminal-charges\\\/#breadcrumb\",\"itemListElement\":[{\"@type\":\"ListItem\",\"position\":1,\"name\":\"Home\",\"item\":\"https:\\\/\\\/www.gilroynapolishort.com\\\/\"},{\"@type\":\"ListItem\",\"position\":2,\"name\":\"Facebook can lead to criminal charges\"}]},{\"@type\":\"WebSite\",\"@id\":\"https:\\\/\\\/www.gilroynapolishort.com\\\/#website\",\"url\":\"https:\\\/\\\/www.gilroynapolishort.com\\\/\",\"name\":\"Gilroy Napoli Short Law Group\",\"description\":\"\",\"potentialAction\":[{\"@type\":\"SearchAction\",\"target\":{\"@type\":\"EntryPoint\",\"urlTemplate\":\"https:\\\/\\\/www.gilroynapolishort.com\\\/?s={search_term_string}\"},\"query-input\":{\"@type\":\"PropertyValueSpecification\",\"valueRequired\":true,\"valueName\":\"search_term_string\"}}],\"inLanguage\":\"es\"},{\"@type\":\"Person\",\"@id\":\"https:\\\/\\\/www.gilroynapolishort.com\\\/#\\\/schema\\\/person\\\/88b74918f90b4dc6ba82e5fc38850ae1\",\"name\":\"DanGilroy\",\"image\":{\"@type\":\"ImageObject\",\"inLanguage\":\"es\",\"@id\":\"https:\\\/\\\/secure.gravatar.com\\\/avatar\\\/?s=96&d=mm&r=g\",\"url\":\"https:\\\/\\\/secure.gravatar.com\\\/avatar\\\/?s=96&d=mm&r=g\",\"contentUrl\":\"https:\\\/\\\/secure.gravatar.com\\\/avatar\\\/?s=96&d=mm&r=g\",\"caption\":\"DanGilroy\"},\"url\":\"https:\\\/\\\/www.gilroynapolishort.com\\\/es\\\/author\\\/dangilroy\\\/\"}]}<\/script>\n<!-- \/ Yoast SEO plugin. -->","yoast_head_json":{"title":"Facebook can lead to criminal charges - GNS Law Group","robots":{"index":"index","follow":"follow","max-snippet":"max-snippet:-1","max-image-preview":"max-image-preview:large","max-video-preview":"max-video-preview:-1"},"canonical":"https:\/\/www.gilroynapolishort.com\/es\/facebook-can-lead-to-criminal-charges\/","og_locale":"es_MX","og_type":"article","og_title":"Facebook can lead to criminal charges - GNS Law Group","og_description":"Facebook can lead to criminal charges Americans live in a very digital world. Everyone carries a cellphone and many engage in online social networking, including Facebook. With so much of...","og_url":"https:\/\/www.gilroynapolishort.com\/es\/facebook-can-lead-to-criminal-charges\/","og_site_name":"GNS Law Group","article_published_time":"2019-02-19T08:48:52+00:00","article_modified_time":"2024-04-26T06:02:02+00:00","og_image":[{"width":2560,"height":1707,"url":"https:\/\/www.gilroynapolishort.com\/wp-content\/uploads\/2019\/02\/austin-distel-tLZhFRLj6nY-unsplash-scaled.jpg","type":"image\/jpeg"}],"author":"DanGilroy","twitter_card":"summary_large_image","twitter_misc":{"Written by":"DanGilroy","Est. reading time":"3 minutos"},"schema":{"@context":"https:\/\/schema.org","@graph":[{"@type":"Article","@id":"https:\/\/www.gilroynapolishort.com\/facebook-can-lead-to-criminal-charges\/#article","isPartOf":{"@id":"https:\/\/www.gilroynapolishort.com\/facebook-can-lead-to-criminal-charges\/"},"author":{"name":"DanGilroy","@id":"https:\/\/www.gilroynapolishort.com\/#\/schema\/person\/88b74918f90b4dc6ba82e5fc38850ae1"},"headline":"Facebook can lead to criminal charges","datePublished":"2019-02-19T08:48:52+00:00","dateModified":"2024-04-26T06:02:02+00:00","mainEntityOfPage":{"@id":"https:\/\/www.gilroynapolishort.com\/facebook-can-lead-to-criminal-charges\/"},"wordCount":422,"commentCount":0,"image":{"@id":"https:\/\/www.gilroynapolishort.com\/facebook-can-lead-to-criminal-charges\/#primaryimage"},"thumbnailUrl":"https:\/\/www.gilroynapolishort.com\/wp-content\/uploads\/2019\/02\/austin-distel-tLZhFRLj6nY-unsplash-scaled.jpg","articleSection":["Articles"],"inLanguage":"es","potentialAction":[{"@type":"CommentAction","name":"Comment","target":["https:\/\/www.gilroynapolishort.com\/facebook-can-lead-to-criminal-charges\/#respond"]}]},{"@type":"WebPage","@id":"https:\/\/www.gilroynapolishort.com\/facebook-can-lead-to-criminal-charges\/","url":"https:\/\/www.gilroynapolishort.com\/facebook-can-lead-to-criminal-charges\/","name":"Facebook can lead to criminal charges - GNS Law Group","isPartOf":{"@id":"https:\/\/www.gilroynapolishort.com\/#website"},"primaryImageOfPage":{"@id":"https:\/\/www.gilroynapolishort.com\/facebook-can-lead-to-criminal-charges\/#primaryimage"},"image":{"@id":"https:\/\/www.gilroynapolishort.com\/facebook-can-lead-to-criminal-charges\/#primaryimage"},"thumbnailUrl":"https:\/\/www.gilroynapolishort.com\/wp-content\/uploads\/2019\/02\/austin-distel-tLZhFRLj6nY-unsplash-scaled.jpg","datePublished":"2019-02-19T08:48:52+00:00","dateModified":"2024-04-26T06:02:02+00:00","author":{"@id":"https:\/\/www.gilroynapolishort.com\/#\/schema\/person\/88b74918f90b4dc6ba82e5fc38850ae1"},"breadcrumb":{"@id":"https:\/\/www.gilroynapolishort.com\/facebook-can-lead-to-criminal-charges\/#breadcrumb"},"inLanguage":"es","potentialAction":[{"@type":"ReadAction","target":["https:\/\/www.gilroynapolishort.com\/facebook-can-lead-to-criminal-charges\/"]}]},{"@type":"ImageObject","inLanguage":"es","@id":"https:\/\/www.gilroynapolishort.com\/facebook-can-lead-to-criminal-charges\/#primaryimage","url":"https:\/\/www.gilroynapolishort.com\/wp-content\/uploads\/2019\/02\/austin-distel-tLZhFRLj6nY-unsplash-scaled.jpg","contentUrl":"https:\/\/www.gilroynapolishort.com\/wp-content\/uploads\/2019\/02\/austin-distel-tLZhFRLj6nY-unsplash-scaled.jpg","width":2560,"height":1707},{"@type":"BreadcrumbList","@id":"https:\/\/www.gilroynapolishort.com\/facebook-can-lead-to-criminal-charges\/#breadcrumb","itemListElement":[{"@type":"ListItem","position":1,"name":"Home","item":"https:\/\/www.gilroynapolishort.com\/"},{"@type":"ListItem","position":2,"name":"Facebook can lead to criminal charges"}]},{"@type":"WebSite","@id":"https:\/\/www.gilroynapolishort.com\/#website","url":"https:\/\/www.gilroynapolishort.com\/","name":"Grupo de abogados Gilroy Napoli Short","description":"","potentialAction":[{"@type":"SearchAction","target":{"@type":"EntryPoint","urlTemplate":"https:\/\/www.gilroynapolishort.com\/?s={search_term_string}"},"query-input":{"@type":"PropertyValueSpecification","valueRequired":true,"valueName":"search_term_string"}}],"inLanguage":"es"},{"@type":"Person","@id":"https:\/\/www.gilroynapolishort.com\/#\/schema\/person\/88b74918f90b4dc6ba82e5fc38850ae1","name":"DanGilroy","image":{"@type":"ImageObject","inLanguage":"es","@id":"https:\/\/secure.gravatar.com\/avatar\/?s=96&d=mm&r=g","url":"https:\/\/secure.gravatar.com\/avatar\/?s=96&d=mm&r=g","contentUrl":"https:\/\/secure.gravatar.com\/avatar\/?s=96&d=mm&r=g","caption":"DanGilroy"},"url":"https:\/\/www.gilroynapolishort.com\/es\/author\/dangilroy\/"}]}},"_links":{"self":[{"href":"https:\/\/www.gilroynapolishort.com\/es\/wp-json\/wp\/v2\/posts\/337","targetHints":{"allow":["GET"]}}],"collection":[{"href":"https:\/\/www.gilroynapolishort.com\/es\/wp-json\/wp\/v2\/posts"}],"about":[{"href":"https:\/\/www.gilroynapolishort.com\/es\/wp-json\/wp\/v2\/types\/post"}],"author":[{"embeddable":true,"href":"https:\/\/www.gilroynapolishort.com\/es\/wp-json\/wp\/v2\/users\/2"}],"replies":[{"embeddable":true,"href":"https:\/\/www.gilroynapolishort.com\/es\/wp-json\/wp\/v2\/comments?post=337"}],"version-history":[{"count":0,"href":"https:\/\/www.gilroynapolishort.com\/es\/wp-json\/wp\/v2\/posts\/337\/revisions"}],"wp:featuredmedia":[{"embeddable":true,"href":"https:\/\/www.gilroynapolishort.com\/es\/wp-json\/wp\/v2\/media\/3882"}],"wp:attachment":[{"href":"https:\/\/www.gilroynapolishort.com\/es\/wp-json\/wp\/v2\/media?parent=337"}],"wp:term":[{"taxonomy":"category","embeddable":true,"href":"https:\/\/www.gilroynapolishort.com\/es\/wp-json\/wp\/v2\/categories?post=337"},{"taxonomy":"post_tag","embeddable":true,"href":"https:\/\/www.gilroynapolishort.com\/es\/wp-json\/wp\/v2\/tags?post=337"}],"curies":[{"name":"wp","href":"https:\/\/api.w.org\/{rel}","templated":true}]}}